{"id":4767,"date":"2015-08-19T00:53:44","date_gmt":"2015-08-18T22:53:44","guid":{"rendered":"http:\/\/www.bielypotok.eu\/?p=4767"},"modified":"2015-11-25T19:54:27","modified_gmt":"2015-11-25T17:54:27","slug":"dusa-fujary-22-8-23-8-2015","status":"publish","type":"post","link":"https:\/\/www.bielypotok.eu\/?p=4767","title":{"rendered":"Du\u0161a fujary (22. &#8211; 23.08.2015) + FOTO"},"content":{"rendered":"<p><strong>Srde\u010dne V\u00e1s poz\u00fdvame na vyst\u00fapenie fujaristov z cel\u00e9ho Slovenska\u00a0<\/strong><\/p>\n<p><strong>22.08. Are\u00e1l oddychu v Bielom potoku, 18:00 hod.<\/strong> OZ Du\u0161a Fujary<\/p>\n<p><strong>23.08.\u00a0Are\u00e1l oddychu v Bielom Potoku, 14:00 &#8211; 18:00 hod.<\/strong>, fujaristi z cel\u00e9ho Slovenska, OZ Du\u0161a fujary, mu\u017esk\u00e1 skupina Slia\u010danka, trombit\u00e1\u0161i z Chrenovca, OZ Ostr\u00f4<\/p>\nngg_shortcode_0_placeholder\n","protected":false},"excerpt":{"rendered":"<p>Srde\u010dne V\u00e1s poz\u00fdvame na vyst\u00fapenie fujaristov z cel\u00e9ho Slovenska\u00a0 22.08. Are\u00e1l oddychu v Bielom potoku, 18:00 hod. OZ Du\u0161a Fujary 23.08.\u00a0Are\u00e1l oddychu v Bielom Potoku, 14:00 &#8211; 18:00 hod., fujaristi z cel\u00e9ho Slovenska, OZ Du\u0161a fujary, mu\u017esk\u00e1 skupina Slia\u010danka, trombit\u00e1\u0161i z Chrenovca, OZ Ostr\u00f4<\/p>\n","protected":false},"author":1,"featured_media":4781,"comment_status":"open","ping_status":"open","sticky":false,"template":"","format":"standard","meta":{"ngg_post_thumbnail":0,"jetpack_post_was_ever_published":false,"_jetpack_newsletter_access":"","_jetpack_dont_email_post_to_subs":false,"_jetpack_newsletter_tier_id":0,"_jetpack_memberships_contains_paywalled_content":false,"_jetpack_memberships_contains_paid_content":false,"footnotes":"","jetpack_publicize_message":"","jetpack_publicize_feature_enabled":true,"jetpack_social_post_already_shared":true,"jetpack_social_options":{"image_generator_settings":{"template":"highway","default_image_id":0,"font":"","enabled":false},"version":2}},"categories":[1,6],"tags":[147,213,7,131,212],"class_list":["post-4767","post","type-post","status-publish","format-standard","has-post-thumbnail","hentry","category-aktuality","category-kultura","tag-147","tag-areal-oddychu","tag-biely-potok","tag-fujara","tag-fujaristi","has-thumbnail"],"jetpack_publicize_connections":[],"jetpack_featured_media_url":"https:\/\/i0.wp.com\/www.bielypotok.eu\/wp-content\/uploads\/2015-08-22-FUJARA.jpg?fit=640%2C250&ssl=1","jetpack_shortlink":"https:\/\/wp.me\/p2I76G-1eT","jetpack_sharing_enabled":true,"_links":{"self":[{"href":"https:\/\/www.bielypotok.eu\/index.php?rest_route=\/wp\/v2\/posts\/4767","targetHints":{"allow":["GET"]}}],"collection":[{"href":"https:\/\/www.bielypotok.eu\/index.php?rest_route=\/wp\/v2\/posts"}],"about":[{"href":"https:\/\/www.bielypotok.eu\/index.php?rest_route=\/wp\/v2\/types\/post"}],"author":[{"embeddable":true,"href":"https:\/\/www.bielypotok.eu\/index.php?rest_route=\/wp\/v2\/users\/1"}],"replies":[{"embeddable":true,"href":"https:\/\/www.bielypotok.eu\/index.php?rest_route=%2Fwp%2Fv2%2Fcomments&post=4767"}],"version-history":[{"count":4,"href":"https:\/\/www.bielypotok.eu\/index.php?rest_route=\/wp\/v2\/posts\/4767\/revisions"}],"predecessor-version":[{"id":4957,"href":"https:\/\/www.bielypotok.eu\/index.php?rest_route=\/wp\/v2\/posts\/4767\/revisions\/4957"}],"wp:featuredmedia":[{"embeddable":true,"href":"https:\/\/www.bielypotok.eu\/index.php?rest_route=\/wp\/v2\/media\/4781"}],"wp:attachment":[{"href":"https:\/\/www.bielypotok.eu\/index.php?rest_route=%2Fwp%2Fv2%2Fmedia&parent=4767"}],"wp:term":[{"taxonomy":"category","embeddable":true,"href":"https:\/\/www.bielypotok.eu\/index.php?rest_route=%2Fwp%2Fv2%2Fcategories&post=4767"},{"taxonomy":"post_tag","embeddable":true,"href":"https:\/\/www.bielypotok.eu\/index.php?rest_route=%2Fwp%2Fv2%2Ftags&post=4767"}],"curies":[{"name":"wp","href":"https:\/\/api.w.org\/{rel}","templated":true}]}}