{"id":15201,"date":"2026-03-14T10:50:20","date_gmt":"2026-03-14T08:50:20","guid":{"rendered":"https:\/\/www.bielypotok.eu\/?p=15201"},"modified":"2026-03-14T10:50:20","modified_gmt":"2026-03-14T08:50:20","slug":"den-otvorenych-dveri-v-zs-belianka-26-03-2026","status":"publish","type":"post","link":"https:\/\/www.bielypotok.eu\/?p=15201","title":{"rendered":"De\u0148 otvoren\u00fdch dver\u00ed v Z\u0160 Belianka (26.03.2026)"},"content":{"rendered":"\n<p>Ak h\u013ead\u00e1te pre svoje die\u0165a pokojn\u00fa \u0161kolu pre ro\u010dn\u00edky 1. \u2013 4., kde vl\u00e1dne rodinn\u00e1 atmosf\u00e9ra a men\u0161\u00ed kolekt\u00edv \u017eiakov, radi v\u00e1s u n\u00e1s priv\u00edtame. Mo\u017eno pr\u00e1ve u n\u00e1s n\u00e1jdete \u0161kolu, v ktorej sa bude va\u0161e die\u0165a c\u00edti\u0165 dobre a bezpe\u010dne.\u00a0<\/p>\n\n\n\n<p><strong>Poz\u00fdvame rodi\u010dov a bud\u00facich \u017eiakov na De\u0148 otvoren\u00fdch dver\u00ed d\u0148a 26. marca 2026 | 14:00 \u2013 16:00 hod.<br><\/strong><br><em><strong>Program DOD:<\/strong><\/em><\/p>\n\n\n\n<ul class=\"wp-block-list\">\n<li>prehliadka priestorov \u0161koly<\/li>\n<\/ul>\n\n\n\n<ul class=\"wp-block-list\">\n<li>stretnutie s u\u010dite\u013emi<\/li>\n<\/ul>\n\n\n\n<ul class=\"wp-block-list\">\n<li>inform\u00e1cie o vzdel\u00e1vacom programe<\/li>\n<\/ul>\n\n\n\n<ul class=\"wp-block-list\">\n<li>odpovede na Va\u0161e ot\u00e1zky<\/li>\n<\/ul>\n\n\n\n<p>Te\u0161\u00edme sa na Va\u0161u n\u00e1v\u0161tevu.<\/p>\n\n\n\n<p><strong><em>Kontakt: <\/em><\/strong>0908 253 793 <a href=\"https:\/\/www.rkbielypotok.edupage.org\/\" target=\"_blank\" rel=\"noreferrer noopener\">www.rkbielypotok.edupage.org<\/a><\/p>\n\n\n\n<p><strong><a title=\"plag\u00e1t\" href=\"http:\/\/www.bielypotok.eu\/wp-content\/uploads\/2026-03-26-DODZS-PLAGAT.jpg\" target=\"_blank\" rel=\"noopener noreferrer\">Pozrite si plag\u00e1t ku akcii<\/a><\/strong><\/p>\n","protected":false},"excerpt":{"rendered":"<p>Ak h\u013ead\u00e1te pre svoje die\u0165a pokojn\u00fa \u0161kolu pre ro\u010dn\u00edky 1. \u2013 4., kde vl\u00e1dne rodinn\u00e1 atmosf\u00e9ra a men\u0161\u00ed kolekt\u00edv \u017eiakov, radi v\u00e1s u n\u00e1s priv\u00edtame. Mo\u017eno pr\u00e1ve u n\u00e1s n\u00e1jdete \u0161kolu, v ktorej sa bude va\u0161e die\u0165a c\u00edti\u0165 dobre a bezpe\u010dne.\u00a0 Poz\u00fdvame rodi\u010dov a bud\u00facich \u017eiakov na De\u0148 otvoren\u00fdch dver\u00ed &#8230;<\/p>\n","protected":false},"author":1,"featured_media":14699,"comment_status":"closed","ping_status":"open","sticky":false,"template":"","format":"standard","meta":{"ngg_post_thumbnail":0,"jetpack_post_was_ever_published":false,"_jetpack_newsletter_access":"","_jetpack_dont_email_post_to_subs":false,"_jetpack_newsletter_tier_id":0,"_jetpack_memberships_contains_paywalled_content":false,"_jetpack_memberships_contains_paid_content":false,"footnotes":"","jetpack_publicize_message":"","jetpack_publicize_feature_enabled":true,"jetpack_social_post_already_shared":true,"jetpack_social_options":{"image_generator_settings":{"template":"highway","default_image_id":0,"font":"","enabled":false},"version":2}},"categories":[1,6],"tags":[506,7,434,480,442,99,142,197],"class_list":["post-15201","post","type-post","status-publish","format-standard","has-post-thumbnail","hentry","category-aktuality","category-kultura","tag-506","tag-biely-potok","tag-den-otvorenych-dveri","tag-dod","tag-skola","tag-zakladna-skola","tag-zs-belianka","tag-zs-biely-potok","has-thumbnail"],"jetpack_publicize_connections":[],"jetpack_featured_media_url":"https:\/\/i0.wp.com\/www.bielypotok.eu\/wp-content\/uploads\/2025-03-20-ZS.jpg?fit=640%2C250&ssl=1","jetpack_shortlink":"https:\/\/wp.me\/p2I76G-3Xb","jetpack_sharing_enabled":true,"_links":{"self":[{"href":"https:\/\/www.bielypotok.eu\/index.php?rest_route=\/wp\/v2\/posts\/15201","targetHints":{"allow":["GET"]}}],"collection":[{"href":"https:\/\/www.bielypotok.eu\/index.php?rest_route=\/wp\/v2\/posts"}],"about":[{"href":"https:\/\/www.bielypotok.eu\/index.php?rest_route=\/wp\/v2\/types\/post"}],"author":[{"embeddable":true,"href":"https:\/\/www.bielypotok.eu\/index.php?rest_route=\/wp\/v2\/users\/1"}],"replies":[{"embeddable":true,"href":"https:\/\/www.bielypotok.eu\/index.php?rest_route=%2Fwp%2Fv2%2Fcomments&post=15201"}],"version-history":[{"count":1,"href":"https:\/\/www.bielypotok.eu\/index.php?rest_route=\/wp\/v2\/posts\/15201\/revisions"}],"predecessor-version":[{"id":15202,"href":"https:\/\/www.bielypotok.eu\/index.php?rest_route=\/wp\/v2\/posts\/15201\/revisions\/15202"}],"wp:featuredmedia":[{"embeddable":true,"href":"https:\/\/www.bielypotok.eu\/index.php?rest_route=\/wp\/v2\/media\/14699"}],"wp:attachment":[{"href":"https:\/\/www.bielypotok.eu\/index.php?rest_route=%2Fwp%2Fv2%2Fmedia&parent=15201"}],"wp:term":[{"taxonomy":"category","embeddable":true,"href":"https:\/\/www.bielypotok.eu\/index.php?rest_route=%2Fwp%2Fv2%2Fcategories&post=15201"},{"taxonomy":"post_tag","embeddable":true,"href":"https:\/\/www.bielypotok.eu\/index.php?rest_route=%2Fwp%2Fv2%2Ftags&post=15201"}],"curies":[{"name":"wp","href":"https:\/\/api.w.org\/{rel}","templated":true}]}}