{"id":1469,"date":"2013-07-03T00:22:16","date_gmt":"2013-07-02T22:22:16","guid":{"rendered":"http:\/\/www.bielypotok.eu\/?p=1469"},"modified":"2013-07-03T00:41:26","modified_gmt":"2013-07-02T22:41:26","slug":"absolvoventi-zs","status":"publish","type":"post","link":"https:\/\/www.bielypotok.eu\/?p=1469","title":{"rendered":"Absolvoventi Z\u0160 (28.06.2013)"},"content":{"rendered":"<p style=\"text-align: justify;\">Koniec \u0161kolsk\u00e9ho roka pripadol tento rok na 28. j\u00fana 2013. Po\u010dasie prialo od skor\u00fdch rann\u00fdch hod\u00edn, kedy sa sch\u00e1dzali na\u0161i \u017eiaci v kostole, kde sa o 8:00 hod. uskuto\u010dnila sl\u00e1vnostn\u00e1 sv\u00e4t\u00e1 om\u0161a. Po jej skon\u010den\u00ed sa deti spolu so svojimi u\u010dite\u013emi a aj rodi\u010dmi, presunuli do \u0161koly a na \u0161kolsk\u00fd dvor, kde prebehol sl\u00e1vnostn\u00fd ceremoni\u00e1l k ukon\u010deniu \u0161kolsk\u00e9ho roka 2012-2013.<\/p>\n<p style=\"text-align: justify;\">Pani riadite\u013eka vo svojom pr\u00edhovore vyzdvihla \u017eiakov, ktor\u00ed \u00faspe\u0161ne reprezentovali \u0161kolu, \u017eiakov, ktor\u00ed dosiahli v tomto \u0161kolskom roku vynikaj\u00face v\u00fdsledky a po\u010fakovala aj v\u0161etk\u00fdm u\u010dite\u013eom za vykonan\u00fa pr\u00e1cu. Nezabudla po\u010fakova\u0165 aj rodi\u010dom, bez ktor\u00fdch by \u0161kola a \u0161kolsk\u00e9 akcie nemohli spr\u00e1vne fungova\u0165.<\/p>\n<p style=\"text-align: justify;\">Z\u00e1ver patril absolventom 4.ro\u010dn\u00edka, ktor\u00ed sa tento rok l\u00fa\u010dili s na\u0161ou \u0161kolou:<\/p>\n<p><strong>L\u00edvia Rechtor\u00edkov\u00e1<\/strong><br \/>\n<strong>Kristian \u0160imr\u00e1k<\/strong><br \/>\n<strong>Daniel Bielik<\/strong><br \/>\n<strong>Jakub Sta\u0161<\/strong><br \/>\n<strong>Veronika Brnov\u00e1<\/strong><br \/>\n<strong>Paul\u00edna Milanov\u00e1<\/strong><br \/>\n<strong>Martina Mo\u010diarikov\u00e1<\/strong><br \/>\n<strong>Alexandra Vargon\u010d\u00edkov\u00e1<\/strong><\/p>\n<p>Prajeme im \u00faspe\u0161n\u00fd \u0161tart v nov\u00fdch \u0161kol\u00e1ch a ve\u013ea \u0161tudijn\u00fdch a osobn\u00fdch \u00faspechov.<\/p>\n<p>V\u0161etk\u00fdm de\u0165om \u017eel\u00e1me kr\u00e1sne pr\u00e1zdniny a v novom \u0161kolskom roku znovu dovidenia.<\/p>\nngg_shortcode_0_placeholder\n","protected":false},"excerpt":{"rendered":"<p>Koniec \u0161kolsk\u00e9ho roka pripadol tento rok na 28. j\u00fana 2013. Po\u010dasie prialo od skor\u00fdch rann\u00fdch hod\u00edn, kedy sa sch\u00e1dzali na\u0161i \u017eiaci v kostole, kde sa o 8:00 hod. uskuto\u010dnila sl\u00e1vnostn\u00e1 sv\u00e4t\u00e1 om\u0161a. Po jej skon\u010den\u00ed sa deti spolu so svojimi u\u010dite\u013emi a aj rodi\u010dmi, presunuli do \u0161koly a na \u0161kolsk\u00fd &#8230;<\/p>\n","protected":false},"author":1,"featured_media":1485,"comment_status":"open","ping_status":"open","sticky":false,"template":"","format":"standard","meta":{"ngg_post_thumbnail":0,"jetpack_post_was_ever_published":false,"_jetpack_newsletter_access":"","_jetpack_dont_email_post_to_subs":false,"_jetpack_newsletter_tier_id":0,"_jetpack_memberships_contains_paywalled_content":false,"_jetpack_memberships_contains_paid_content":false,"footnotes":"","jetpack_publicize_message":"","jetpack_publicize_feature_enabled":true,"jetpack_social_post_already_shared":true,"jetpack_social_options":{"image_generator_settings":{"template":"highway","default_image_id":0,"font":"","enabled":false},"version":2}},"categories":[1,6],"tags":[11,35,7,8,13,14],"class_list":["post-1469","post","type-post","status-publish","format-standard","has-post-thumbnail","hentry","category-aktuality","category-kultura","tag-11","tag-absolvovent","tag-biely-potok","tag-kultura-2","tag-skolstvo","tag-vzdelanie","has-thumbnail"],"jetpack_publicize_connections":[],"jetpack_featured_media_url":"https:\/\/i0.wp.com\/www.bielypotok.eu\/wp-content\/uploads\/2013-06-28-ABS.jpg?fit=970%2C250&ssl=1","jetpack_shortlink":"https:\/\/wp.me\/p2I76G-nH","jetpack_sharing_enabled":true,"_links":{"self":[{"href":"https:\/\/www.bielypotok.eu\/index.php?rest_route=\/wp\/v2\/posts\/1469","targetHints":{"allow":["GET"]}}],"collection":[{"href":"https:\/\/www.bielypotok.eu\/index.php?rest_route=\/wp\/v2\/posts"}],"about":[{"href":"https:\/\/www.bielypotok.eu\/index.php?rest_route=\/wp\/v2\/types\/post"}],"author":[{"embeddable":true,"href":"https:\/\/www.bielypotok.eu\/index.php?rest_route=\/wp\/v2\/users\/1"}],"replies":[{"embeddable":true,"href":"https:\/\/www.bielypotok.eu\/index.php?rest_route=%2Fwp%2Fv2%2Fcomments&post=1469"}],"version-history":[{"count":10,"href":"https:\/\/www.bielypotok.eu\/index.php?rest_route=\/wp\/v2\/posts\/1469\/revisions"}],"predecessor-version":[{"id":1487,"href":"https:\/\/www.bielypotok.eu\/index.php?rest_route=\/wp\/v2\/posts\/1469\/revisions\/1487"}],"wp:featuredmedia":[{"embeddable":true,"href":"https:\/\/www.bielypotok.eu\/index.php?rest_route=\/wp\/v2\/media\/1485"}],"wp:attachment":[{"href":"https:\/\/www.bielypotok.eu\/index.php?rest_route=%2Fwp%2Fv2%2Fmedia&parent=1469"}],"wp:term":[{"taxonomy":"category","embeddable":true,"href":"https:\/\/www.bielypotok.eu\/index.php?rest_route=%2Fwp%2Fv2%2Fcategories&post=1469"},{"taxonomy":"post_tag","embeddable":true,"href":"https:\/\/www.bielypotok.eu\/index.php?rest_route=%2Fwp%2Fv2%2Ftags&post=1469"}],"curies":[{"name":"wp","href":"https:\/\/api.w.org\/{rel}","templated":true}]}}