{"id":14317,"date":"2023-07-29T21:54:41","date_gmt":"2023-07-29T19:54:41","guid":{"rendered":"https:\/\/www.bielypotok.eu\/?p=14317"},"modified":"2023-08-30T13:08:15","modified_gmt":"2023-08-30T11:08:15","slug":"kulturne-leto-od-12-08-2023","status":"publish","type":"post","link":"https:\/\/www.bielypotok.eu\/?p=14317","title":{"rendered":"Kult\u00farne leto (od 12.08.2023)"},"content":{"rendered":"\n<p><strong><em>V\u0161etci ste srde\u010dne pozvan\u00ed na program kult\u00farneho leta po\u010das augusta 2023 v Bielom Potoku!<\/em><\/strong><\/p>\n\n\n\n<p>Tieto akcie sa konaj\u00fa v\u010faka \u010dlenom OZ Centrum Belanov, poslanca Vojtecha Macka, V\u00fdboru Ms\u010c Biely Potok, finan\u010dnej podpory mesta Ru\u017eomberok, OPK Liptov, klubu ly\u017eiarov a PD Ludrov\u00e1.<\/p>\n\n\n\n<figure class=\"wp-block-image size-full\"><a href=\"https:\/\/i0.wp.com\/www.bielypotok.eu\/wp-content\/uploads\/2023-08-12-LETO-PLAGAT.jpg?ssl=1\"><img data-recalc-dims=\"1\" loading=\"lazy\" decoding=\"async\" width=\"600\" height=\"800\" src=\"https:\/\/i0.wp.com\/www.bielypotok.eu\/wp-content\/uploads\/2023-08-12-LETO-PLAGAT.jpg?resize=600%2C800&#038;ssl=1\" alt=\"\" class=\"wp-image-14318\" srcset=\"https:\/\/i0.wp.com\/www.bielypotok.eu\/wp-content\/uploads\/2023-08-12-LETO-PLAGAT.jpg?w=600&amp;ssl=1 600w, https:\/\/i0.wp.com\/www.bielypotok.eu\/wp-content\/uploads\/2023-08-12-LETO-PLAGAT.jpg?resize=225%2C300&amp;ssl=1 225w\" sizes=\"auto, (max-width: 600px) 100vw, 600px\" \/><\/a><\/figure>\n","protected":false},"excerpt":{"rendered":"<p>V\u0161etci ste srde\u010dne pozvan\u00ed na program kult\u00farneho leta po\u010das augusta 2023 v Bielom Potoku! Tieto akcie sa konaj\u00fa v\u010faka \u010dlenom OZ Centrum Belanov, poslanca Vojtecha Macka, V\u00fdboru Ms\u010c Biely Potok, finan\u010dnej podpory mesta Ru\u017eomberok, OPK Liptov, klubu ly\u017eiarov a PD Ludrov\u00e1.<\/p>\n","protected":false},"author":1,"featured_media":4509,"comment_status":"closed","ping_status":"open","sticky":false,"template":"","format":"standard","meta":{"ngg_post_thumbnail":0,"jetpack_post_was_ever_published":false,"_jetpack_newsletter_access":"","_jetpack_dont_email_post_to_subs":false,"_jetpack_newsletter_tier_id":0,"_jetpack_memberships_contains_paywalled_content":false,"_jetpack_memberships_contains_paid_content":false,"footnotes":"","jetpack_publicize_message":"","jetpack_publicize_feature_enabled":true,"jetpack_social_post_already_shared":true,"jetpack_social_options":{"image_generator_settings":{"template":"highway","default_image_id":0,"font":"","enabled":false},"version":2}},"categories":[1,6],"tags":[445,7,208,8,457],"class_list":["post-14317","post","type-post","status-publish","format-standard","has-post-thumbnail","hentry","category-aktuality","category-kultura","tag-445","tag-biely-potok","tag-film","tag-kultura-2","tag-kulturne-leto","has-thumbnail"],"jetpack_publicize_connections":[],"jetpack_featured_media_url":"https:\/\/i0.wp.com\/www.bielypotok.eu\/wp-content\/uploads\/2015-06-25-FILM.jpg?fit=640%2C250&ssl=1","jetpack_shortlink":"https:\/\/wp.me\/p2I76G-3IV","jetpack_sharing_enabled":true,"_links":{"self":[{"href":"https:\/\/www.bielypotok.eu\/index.php?rest_route=\/wp\/v2\/posts\/14317","targetHints":{"allow":["GET"]}}],"collection":[{"href":"https:\/\/www.bielypotok.eu\/index.php?rest_route=\/wp\/v2\/posts"}],"about":[{"href":"https:\/\/www.bielypotok.eu\/index.php?rest_route=\/wp\/v2\/types\/post"}],"author":[{"embeddable":true,"href":"https:\/\/www.bielypotok.eu\/index.php?rest_route=\/wp\/v2\/users\/1"}],"replies":[{"embeddable":true,"href":"https:\/\/www.bielypotok.eu\/index.php?rest_route=%2Fwp%2Fv2%2Fcomments&post=14317"}],"version-history":[{"count":1,"href":"https:\/\/www.bielypotok.eu\/index.php?rest_route=\/wp\/v2\/posts\/14317\/revisions"}],"predecessor-version":[{"id":14319,"href":"https:\/\/www.bielypotok.eu\/index.php?rest_route=\/wp\/v2\/posts\/14317\/revisions\/14319"}],"wp:featuredmedia":[{"embeddable":true,"href":"https:\/\/www.bielypotok.eu\/index.php?rest_route=\/wp\/v2\/media\/4509"}],"wp:attachment":[{"href":"https:\/\/www.bielypotok.eu\/index.php?rest_route=%2Fwp%2Fv2%2Fmedia&parent=14317"}],"wp:term":[{"taxonomy":"category","embeddable":true,"href":"https:\/\/www.bielypotok.eu\/index.php?rest_route=%2Fwp%2Fv2%2Fcategories&post=14317"},{"taxonomy":"post_tag","embeddable":true,"href":"https:\/\/www.bielypotok.eu\/index.php?rest_route=%2Fwp%2Fv2%2Ftags&post=14317"}],"curies":[{"name":"wp","href":"https:\/\/api.w.org\/{rel}","templated":true}]}}