{"id":14291,"date":"2023-05-08T19:34:14","date_gmt":"2023-05-08T17:34:14","guid":{"rendered":"https:\/\/www.bielypotok.eu\/?p=14291"},"modified":"2023-05-15T21:38:57","modified_gmt":"2023-05-15T19:38:57","slug":"den-matiek-14-05-2023","status":"publish","type":"post","link":"https:\/\/www.bielypotok.eu\/?p=14291","title":{"rendered":"De\u0148 matiek (14.05.2023)"},"content":{"rendered":"\n<p><em>Mama je osoba, ktor\u00e1 nahrad\u00ed ka\u017ed\u00e9ho. No ju nenahrad\u00ed nik.<\/em><\/p>\n\n\n\n<p>Druh\u00e1 m\u00e1jov\u00e1 nede\u013ea u\u017e tradi\u010dne patr\u00ed v\u0161etk\u00fdm mam\u00e1m. <strong>Tento rok si De\u0148 matiek pripom\u00edname v&nbsp;nede\u013eu 14. m\u00e1ja.<\/strong> Preto v\u00e1s srde\u010dne poz\u00fdvame na tradi\u010dn\u00e1&nbsp;oslavu&nbsp;tohto sviatku, ktor\u00e1 sa uskuto\u010dn\u00ed <strong>v tento de\u0148 v Kult\u00farnom dome Biely Potok o 15:00 hod.<\/strong> Pripraven\u00fd je kult\u00farny program pre v\u0161etky mamy, star\u00e9 mamy, tety, &#8230; a nielen pre&nbsp;ne &#8230;<\/p>\n\n\n\n<p><strong>Kr\u00e1sny De\u0148 matiek!<\/strong><\/p>\n\n\n\n<p>V\u00e1\u0161 poslanec <em>Vojtech Macko<\/em> a <em>V\u00fdbor MS\u010c Biely Potok<\/em><\/p>\n\n\n\n<figure class=\"wp-block-image size-full\"><img data-recalc-dims=\"1\" loading=\"lazy\" decoding=\"async\" width=\"700\" height=\"509\" src=\"https:\/\/i0.wp.com\/www.bielypotok.eu\/wp-content\/uploads\/2023-05-14-DENMATIEK.jpg?resize=700%2C509&#038;ssl=1\" alt=\"\" class=\"wp-image-14292\" srcset=\"https:\/\/i0.wp.com\/www.bielypotok.eu\/wp-content\/uploads\/2023-05-14-DENMATIEK.jpg?w=765&amp;ssl=1 765w, https:\/\/i0.wp.com\/www.bielypotok.eu\/wp-content\/uploads\/2023-05-14-DENMATIEK.jpg?resize=300%2C218&amp;ssl=1 300w, https:\/\/i0.wp.com\/www.bielypotok.eu\/wp-content\/uploads\/2023-05-14-DENMATIEK.jpg?resize=700%2C509&amp;ssl=1 700w\" sizes=\"auto, (max-width: 700px) 100vw, 700px\" \/><\/figure>\n","protected":false},"excerpt":{"rendered":"<p>Mama je osoba, ktor\u00e1 nahrad\u00ed ka\u017ed\u00e9ho. No ju nenahrad\u00ed nik. Druh\u00e1 m\u00e1jov\u00e1 nede\u013ea u\u017e tradi\u010dne patr\u00ed v\u0161etk\u00fdm mam\u00e1m. Tento rok si De\u0148 matiek pripom\u00edname v&nbsp;nede\u013eu 14. m\u00e1ja. Preto v\u00e1s srde\u010dne poz\u00fdvame na tradi\u010dn\u00e1&nbsp;oslavu&nbsp;tohto sviatku, ktor\u00e1 sa uskuto\u010dn\u00ed v tento de\u0148 v Kult\u00farnom dome Biely Potok o 15:00 hod. Pripraven\u00fd je &#8230;<\/p>\n","protected":false},"author":1,"featured_media":13379,"comment_status":"closed","ping_status":"open","sticky":false,"template":"","format":"standard","meta":{"ngg_post_thumbnail":0,"jetpack_post_was_ever_published":false,"_jetpack_newsletter_access":"","_jetpack_dont_email_post_to_subs":false,"_jetpack_newsletter_tier_id":0,"_jetpack_memberships_contains_paywalled_content":false,"_jetpack_memberships_contains_paid_content":false,"footnotes":"","jetpack_publicize_message":"","jetpack_publicize_feature_enabled":true,"jetpack_social_post_already_shared":true,"jetpack_social_options":{"image_generator_settings":{"template":"highway","default_image_id":0,"font":"","enabled":false},"version":2}},"categories":[1,6],"tags":[445,7,28,378],"class_list":["post-14291","post","type-post","status-publish","format-standard","has-post-thumbnail","hentry","category-aktuality","category-kultura","tag-445","tag-biely-potok","tag-den-matiek","tag-mama","has-thumbnail"],"jetpack_publicize_connections":[],"jetpack_featured_media_url":"https:\/\/i0.wp.com\/www.bielypotok.eu\/wp-content\/uploads\/2020-05-10-DENMATIEK.jpg?fit=640%2C250&ssl=1","jetpack_shortlink":"https:\/\/wp.me\/p2I76G-3Iv","jetpack_sharing_enabled":true,"_links":{"self":[{"href":"https:\/\/www.bielypotok.eu\/index.php?rest_route=\/wp\/v2\/posts\/14291","targetHints":{"allow":["GET"]}}],"collection":[{"href":"https:\/\/www.bielypotok.eu\/index.php?rest_route=\/wp\/v2\/posts"}],"about":[{"href":"https:\/\/www.bielypotok.eu\/index.php?rest_route=\/wp\/v2\/types\/post"}],"author":[{"embeddable":true,"href":"https:\/\/www.bielypotok.eu\/index.php?rest_route=\/wp\/v2\/users\/1"}],"replies":[{"embeddable":true,"href":"https:\/\/www.bielypotok.eu\/index.php?rest_route=%2Fwp%2Fv2%2Fcomments&post=14291"}],"version-history":[{"count":3,"href":"https:\/\/www.bielypotok.eu\/index.php?rest_route=\/wp\/v2\/posts\/14291\/revisions"}],"predecessor-version":[{"id":14295,"href":"https:\/\/www.bielypotok.eu\/index.php?rest_route=\/wp\/v2\/posts\/14291\/revisions\/14295"}],"wp:featuredmedia":[{"embeddable":true,"href":"https:\/\/www.bielypotok.eu\/index.php?rest_route=\/wp\/v2\/media\/13379"}],"wp:attachment":[{"href":"https:\/\/www.bielypotok.eu\/index.php?rest_route=%2Fwp%2Fv2%2Fmedia&parent=14291"}],"wp:term":[{"taxonomy":"category","embeddable":true,"href":"https:\/\/www.bielypotok.eu\/index.php?rest_route=%2Fwp%2Fv2%2Fcategories&post=14291"},{"taxonomy":"post_tag","embeddable":true,"href":"https:\/\/www.bielypotok.eu\/index.php?rest_route=%2Fwp%2Fv2%2Ftags&post=14291"}],"curies":[{"name":"wp","href":"https:\/\/api.w.org\/{rel}","templated":true}]}}