{"id":1377,"date":"2013-05-06T18:08:29","date_gmt":"2013-05-06T16:08:29","guid":{"rendered":"http:\/\/www.bielypotok.eu\/?p=1377"},"modified":"2013-05-06T18:08:29","modified_gmt":"2013-05-06T16:08:29","slug":"den-matiek-12-05-2013","status":"publish","type":"post","link":"https:\/\/www.bielypotok.eu\/?p=1377","title":{"rendered":"De\u0148 matiek (12.05.2013)"},"content":{"rendered":"<p>Poz\u00fdvame mamy a star\u00e9 mamy <strong>na oslavu kr\u00e1sneho sviatku D\u0148a matiek<\/strong>, u\u017e tradi\u010dne druh\u00fa m\u00e1jov\u00fa nede\u013eu, t.j. \u00a0<strong>12.05.2013 o 15.00 hod.<\/strong> do Kult\u00farneho domu.<\/p>\n<p><strong>Mami\u010dky sa ur\u010dite pote\u0161ia z vyst\u00fapenia svojich det\u00ed a \u010fal\u0161\u00edm programom.<\/strong><\/p>\n","protected":false},"excerpt":{"rendered":"<p>Poz\u00fdvame mamy a star\u00e9 mamy na oslavu kr\u00e1sneho sviatku D\u0148a matiek, u\u017e tradi\u010dne druh\u00fa m\u00e1jov\u00fa nede\u013eu, t.j. \u00a012.05.2013 o 15.00 hod. do Kult\u00farneho domu. Mami\u010dky sa ur\u010dite pote\u0161ia z vyst\u00fapenia svojich det\u00ed a \u010fal\u0161\u00edm programom.<\/p>\n","protected":false},"author":1,"featured_media":1372,"comment_status":"open","ping_status":"open","sticky":false,"template":"","format":"standard","meta":{"ngg_post_thumbnail":0,"jetpack_post_was_ever_published":false,"_jetpack_newsletter_access":"","_jetpack_dont_email_post_to_subs":false,"_jetpack_newsletter_tier_id":0,"_jetpack_memberships_contains_paywalled_content":false,"_jetpack_memberships_contains_paid_content":false,"footnotes":"","jetpack_publicize_message":"","jetpack_publicize_feature_enabled":true,"jetpack_social_post_already_shared":true,"jetpack_social_options":{"image_generator_settings":{"template":"highway","default_image_id":0,"font":"","enabled":false},"version":2}},"categories":[1,6],"tags":[11,7,28,8],"class_list":["post-1377","post","type-post","status-publish","format-standard","has-post-thumbnail","hentry","category-aktuality","category-kultura","tag-11","tag-biely-potok","tag-den-matiek","tag-kultura-2","has-thumbnail"],"jetpack_publicize_connections":[],"jetpack_featured_media_url":"https:\/\/i0.wp.com\/www.bielypotok.eu\/wp-content\/uploads\/2013-05-12-DENMATIEK.jpg?fit=970%2C250&ssl=1","jetpack_shortlink":"https:\/\/wp.me\/p2I76G-md","jetpack_sharing_enabled":true,"_links":{"self":[{"href":"https:\/\/www.bielypotok.eu\/index.php?rest_route=\/wp\/v2\/posts\/1377","targetHints":{"allow":["GET"]}}],"collection":[{"href":"https:\/\/www.bielypotok.eu\/index.php?rest_route=\/wp\/v2\/posts"}],"about":[{"href":"https:\/\/www.bielypotok.eu\/index.php?rest_route=\/wp\/v2\/types\/post"}],"author":[{"embeddable":true,"href":"https:\/\/www.bielypotok.eu\/index.php?rest_route=\/wp\/v2\/users\/1"}],"replies":[{"embeddable":true,"href":"https:\/\/www.bielypotok.eu\/index.php?rest_route=%2Fwp%2Fv2%2Fcomments&post=1377"}],"version-history":[{"count":1,"href":"https:\/\/www.bielypotok.eu\/index.php?rest_route=\/wp\/v2\/posts\/1377\/revisions"}],"predecessor-version":[{"id":1378,"href":"https:\/\/www.bielypotok.eu\/index.php?rest_route=\/wp\/v2\/posts\/1377\/revisions\/1378"}],"wp:featuredmedia":[{"embeddable":true,"href":"https:\/\/www.bielypotok.eu\/index.php?rest_route=\/wp\/v2\/media\/1372"}],"wp:attachment":[{"href":"https:\/\/www.bielypotok.eu\/index.php?rest_route=%2Fwp%2Fv2%2Fmedia&parent=1377"}],"wp:term":[{"taxonomy":"category","embeddable":true,"href":"https:\/\/www.bielypotok.eu\/index.php?rest_route=%2Fwp%2Fv2%2Fcategories&post=1377"},{"taxonomy":"post_tag","embeddable":true,"href":"https:\/\/www.bielypotok.eu\/index.php?rest_route=%2Fwp%2Fv2%2Ftags&post=1377"}],"curies":[{"name":"wp","href":"https:\/\/api.w.org\/{rel}","templated":true}]}}