{"id":1375,"date":"2013-05-06T18:02:35","date_gmt":"2013-05-06T16:02:35","guid":{"rendered":"http:\/\/www.bielypotok.eu\/?p=1375"},"modified":"2013-05-06T18:02:35","modified_gmt":"2013-05-06T16:02:35","slug":"kabelka-mojej-starkej-12-05-2013","status":"publish","type":"post","link":"https:\/\/www.bielypotok.eu\/?p=1375","title":{"rendered":"Kabelka mojej starkej (12.05.2013)"},"content":{"rendered":"<p>Srde\u010dne V\u00e1s poz\u00fdvame <strong>12.05.2013<\/strong> na v\u00fdstavu <strong>KABELKY A OBLE\u010cENIE NA\u0160ICH STAR\u00ddCH M\u00c1M<\/strong> vo vestibule KD Biely Potok. V\u00fdstava je s\u00fa\u010das\u0165ou programu ku D\u0148u matiek.<\/p>\n<p>Ak sa aj u V\u00e1s n\u00e1jde zauj\u00edmav\u00e1 kabelka \u010di oble\u010denie po starkej, <strong>budeme radi ak n\u00e1m to prepo\u017ei\u010diate<\/strong>. M\u00f4\u017eete tak urobi\u0165 <strong>do 08.05.2013<\/strong>. Veci n\u00e1m pros\u00edm doneste do KD Biely Potok.<\/p>\n<p><strong><a title=\"plag\u00e1t\" href=\"http:\/\/www.bielypotok.eu\/wp-content\/uploads\/2013-05-12-VYSTAVA-PLAGAT.pdf\" target=\"_blank\">Pozrite si plag\u00e1t ku akcii<\/a><\/strong><\/p>\n","protected":false},"excerpt":{"rendered":"<p>Srde\u010dne V\u00e1s poz\u00fdvame 12.05.2013 na v\u00fdstavu KABELKY A OBLE\u010cENIE NA\u0160ICH STAR\u00ddCH M\u00c1M vo vestibule KD Biely Potok. V\u00fdstava je s\u00fa\u010das\u0165ou programu ku D\u0148u matiek. Ak sa aj u V\u00e1s n\u00e1jde zauj\u00edmav\u00e1 kabelka \u010di oble\u010denie po starkej, budeme radi ak n\u00e1m to prepo\u017ei\u010diate. M\u00f4\u017eete tak urobi\u0165 do 08.05.2013. Veci n\u00e1m pros\u00edm &#8230;<\/p>\n","protected":false},"author":1,"featured_media":1373,"comment_status":"open","ping_status":"open","sticky":false,"template":"","format":"standard","meta":{"ngg_post_thumbnail":0,"jetpack_post_was_ever_published":false,"_jetpack_newsletter_access":"","_jetpack_dont_email_post_to_subs":false,"_jetpack_newsletter_tier_id":0,"_jetpack_memberships_contains_paywalled_content":false,"_jetpack_memberships_contains_paid_content":false,"footnotes":"","jetpack_publicize_message":"","jetpack_publicize_feature_enabled":true,"jetpack_social_post_already_shared":true,"jetpack_social_options":{"image_generator_settings":{"template":"highway","default_image_id":0,"font":"","enabled":false},"version":2}},"categories":[1,6],"tags":[11,7,28,27,8],"class_list":["post-1375","post","type-post","status-publish","format-standard","has-post-thumbnail","hentry","category-aktuality","category-kultura","tag-11","tag-biely-potok","tag-den-matiek","tag-historia","tag-kultura-2","has-thumbnail"],"jetpack_publicize_connections":[],"jetpack_featured_media_url":"https:\/\/i0.wp.com\/www.bielypotok.eu\/wp-content\/uploads\/2013-05-12-KABELKA.jpg?fit=970%2C250&ssl=1","jetpack_shortlink":"https:\/\/wp.me\/p2I76G-mb","jetpack_sharing_enabled":true,"_links":{"self":[{"href":"https:\/\/www.bielypotok.eu\/index.php?rest_route=\/wp\/v2\/posts\/1375","targetHints":{"allow":["GET"]}}],"collection":[{"href":"https:\/\/www.bielypotok.eu\/index.php?rest_route=\/wp\/v2\/posts"}],"about":[{"href":"https:\/\/www.bielypotok.eu\/index.php?rest_route=\/wp\/v2\/types\/post"}],"author":[{"embeddable":true,"href":"https:\/\/www.bielypotok.eu\/index.php?rest_route=\/wp\/v2\/users\/1"}],"replies":[{"embeddable":true,"href":"https:\/\/www.bielypotok.eu\/index.php?rest_route=%2Fwp%2Fv2%2Fcomments&post=1375"}],"version-history":[{"count":1,"href":"https:\/\/www.bielypotok.eu\/index.php?rest_route=\/wp\/v2\/posts\/1375\/revisions"}],"predecessor-version":[{"id":1376,"href":"https:\/\/www.bielypotok.eu\/index.php?rest_route=\/wp\/v2\/posts\/1375\/revisions\/1376"}],"wp:featuredmedia":[{"embeddable":true,"href":"https:\/\/www.bielypotok.eu\/index.php?rest_route=\/wp\/v2\/media\/1373"}],"wp:attachment":[{"href":"https:\/\/www.bielypotok.eu\/index.php?rest_route=%2Fwp%2Fv2%2Fmedia&parent=1375"}],"wp:term":[{"taxonomy":"category","embeddable":true,"href":"https:\/\/www.bielypotok.eu\/index.php?rest_route=%2Fwp%2Fv2%2Fcategories&post=1375"},{"taxonomy":"post_tag","embeddable":true,"href":"https:\/\/www.bielypotok.eu\/index.php?rest_route=%2Fwp%2Fv2%2Ftags&post=1375"}],"curies":[{"name":"wp","href":"https:\/\/api.w.org\/{rel}","templated":true}]}}