{"id":13510,"date":"2020-12-18T20:33:26","date_gmt":"2020-12-18T18:33:26","guid":{"rendered":"https:\/\/www.bielypotok.eu\/?p=13510"},"modified":"2021-01-03T18:29:40","modified_gmt":"2021-01-03T16:29:40","slug":"vianoce-ms-biely-potok-18-12-2020","status":"publish","type":"post","link":"https:\/\/www.bielypotok.eu\/?p=13510","title":{"rendered":"Vianoce M\u0160 Biely Potok a Z\u0160 Belianka (18.12.2020)"},"content":{"rendered":"\n<blockquote class=\"wp-block-quote is-layout-flow wp-block-quote-is-layout-flow\"><p><em>U\u017e sa bl\u00ed\u017eia Vianoce, ten \u010das r\u00fdchlo let\u00ed. Na strom\u010deku svie\u010dky svietia, \u0161\u0165ast\u00edm \u017eiaria deti. Star\u00fd rok u\u017e odch\u00e1dza a nov\u00fd ide za n\u00edm, nech V\u00e1m&nbsp;len rados\u0165 prin\u00e1\u0161a, to je na\u0161\u00edm prian\u00edm.<\/em><\/p><\/blockquote>\n\n\n\n<p><strong>Mil\u00ed rodi\u010dia, star\u00ed rodi\u010dia, priatelia a zn\u00e1mi!<\/strong><\/p>\n\n\n\n<p>V nede\u013eu 20.12.2020 u\u017e zap\u00e1lime \u0161tvrt\u00fa svie\u010dku na adventom&nbsp;venci a viano\u010dn\u00e9 sviatky pokoja a radosti znovu pr\u00eddu do na\u0161ich domovov. Predch\u00e1dzaj\u00face&nbsp;roky sme t\u00fato adventn\u00fa nede\u013eu spolo\u010dne tr\u00e1vili&nbsp;v KD Biely Potok pri viano\u010dnom koncerte. Tento rok je bohu\u017eia\u013e v\u0161etko in\u00e9. <strong>Koncert sa nekon\u00e1, ale na\u0161e deti zo Z\u0160 a M\u0160 by V\u00e1m chceli aspo\u0148 touto internetovou formou posla\u0165 viano\u010dn\u00e9 prianie, piese\u0148 a \u00faprimn\u00fa detsk\u00fa rados\u0165.<\/strong><\/p>\n\n\n\nngg_shortcode_0_placeholder\n\n\n\n<figure class=\"wp-block-embed is-type-rich is-provider-vlozit-handler wp-block-embed-vlozit-handler wp-embed-aspect-16-9 wp-has-aspect-ratio\"><div class=\"wp-block-embed__wrapper\">\n<span class=\"embed-youtube\" style=\"text-align:center; display: block;\"><iframe loading=\"lazy\" class=\"youtube-player\" width=\"700\" height=\"394\" src=\"https:\/\/www.youtube.com\/embed\/-Sd4RXggyNM?version=3&#038;rel=1&#038;showsearch=0&#038;showinfo=1&#038;iv_load_policy=1&#038;fs=1&#038;hl=sk-SK&#038;autohide=2&#038;wmode=transparent\" allowfullscreen=\"true\" style=\"border:0;\" sandbox=\"allow-scripts allow-same-origin allow-popups allow-presentation allow-popups-to-escape-sandbox\"><\/iframe><\/span>\n<\/div><\/figure>\n\n\n\n<figure class=\"wp-block-embed is-type-rich is-provider-vlozit-handler wp-block-embed-vlozit-handler wp-embed-aspect-16-9 wp-has-aspect-ratio\"><div class=\"wp-block-embed__wrapper\">\n<span class=\"embed-youtube\" style=\"text-align:center; display: block;\"><iframe loading=\"lazy\" class=\"youtube-player\" width=\"700\" height=\"394\" src=\"https:\/\/www.youtube.com\/embed\/yE6NmlPeIUE?version=3&#038;rel=1&#038;showsearch=0&#038;showinfo=1&#038;iv_load_policy=1&#038;fs=1&#038;hl=sk-SK&#038;autohide=2&#038;wmode=transparent\" allowfullscreen=\"true\" style=\"border:0;\" sandbox=\"allow-scripts allow-same-origin allow-popups allow-presentation allow-popups-to-escape-sandbox\"><\/iframe><\/span>\n<\/div><\/figure>\n","protected":false},"excerpt":{"rendered":"<p>U\u017e sa bl\u00ed\u017eia Vianoce, ten \u010das r\u00fdchlo let\u00ed. Na strom\u010deku svie\u010dky svietia, \u0161\u0165ast\u00edm \u017eiaria deti. Star\u00fd rok u\u017e odch\u00e1dza a nov\u00fd ide za n\u00edm, nech V\u00e1m&nbsp;len rados\u0165 prin\u00e1\u0161a, to je na\u0161\u00edm prian\u00edm. Mil\u00ed rodi\u010dia, star\u00ed rodi\u010dia, priatelia a zn\u00e1mi! V nede\u013eu 20.12.2020 u\u017e zap\u00e1lime \u0161tvrt\u00fa svie\u010dku na adventom&nbsp;venci a viano\u010dn\u00e9 &#8230;<\/p>\n","protected":false},"author":1,"featured_media":13518,"comment_status":"closed","ping_status":"open","sticky":false,"template":"","format":"standard","meta":{"ngg_post_thumbnail":0,"jetpack_post_was_ever_published":false,"_jetpack_newsletter_access":"","_jetpack_dont_email_post_to_subs":false,"_jetpack_newsletter_tier_id":0,"_jetpack_memberships_contains_paywalled_content":false,"_jetpack_memberships_contains_paid_content":false,"footnotes":"","jetpack_publicize_message":"","jetpack_publicize_feature_enabled":true,"jetpack_social_post_already_shared":true,"jetpack_social_options":{"image_generator_settings":{"template":"highway","default_image_id":0,"font":"","enabled":false},"version":2}},"categories":[1,6],"tags":[356,7,71,143,78,85,197],"class_list":["post-13510","post","type-post","status-publish","format-standard","has-post-thumbnail","hentry","category-aktuality","category-kultura","tag-356","tag-biely-potok","tag-deti","tag-ms-biely-potok","tag-prekvapenie","tag-vianoce","tag-zs-biely-potok","has-thumbnail"],"jetpack_publicize_connections":[],"jetpack_featured_media_url":"https:\/\/i0.wp.com\/www.bielypotok.eu\/wp-content\/uploads\/2020-12-18-MS.jpg?fit=640%2C250&ssl=1","jetpack_shortlink":"https:\/\/wp.me\/p2I76G-3vU","jetpack_sharing_enabled":true,"_links":{"self":[{"href":"https:\/\/www.bielypotok.eu\/index.php?rest_route=\/wp\/v2\/posts\/13510","targetHints":{"allow":["GET"]}}],"collection":[{"href":"https:\/\/www.bielypotok.eu\/index.php?rest_route=\/wp\/v2\/posts"}],"about":[{"href":"https:\/\/www.bielypotok.eu\/index.php?rest_route=\/wp\/v2\/types\/post"}],"author":[{"embeddable":true,"href":"https:\/\/www.bielypotok.eu\/index.php?rest_route=\/wp\/v2\/users\/1"}],"replies":[{"embeddable":true,"href":"https:\/\/www.bielypotok.eu\/index.php?rest_route=%2Fwp%2Fv2%2Fcomments&post=13510"}],"version-history":[{"count":8,"href":"https:\/\/www.bielypotok.eu\/index.php?rest_route=\/wp\/v2\/posts\/13510\/revisions"}],"predecessor-version":[{"id":13541,"href":"https:\/\/www.bielypotok.eu\/index.php?rest_route=\/wp\/v2\/posts\/13510\/revisions\/13541"}],"wp:featuredmedia":[{"embeddable":true,"href":"https:\/\/www.bielypotok.eu\/index.php?rest_route=\/wp\/v2\/media\/13518"}],"wp:attachment":[{"href":"https:\/\/www.bielypotok.eu\/index.php?rest_route=%2Fwp%2Fv2%2Fmedia&parent=13510"}],"wp:term":[{"taxonomy":"category","embeddable":true,"href":"https:\/\/www.bielypotok.eu\/index.php?rest_route=%2Fwp%2Fv2%2Fcategories&post=13510"},{"taxonomy":"post_tag","embeddable":true,"href":"https:\/\/www.bielypotok.eu\/index.php?rest_route=%2Fwp%2Fv2%2Ftags&post=13510"}],"curies":[{"name":"wp","href":"https:\/\/api.w.org\/{rel}","templated":true}]}}