{"id":12715,"date":"2019-12-30T23:06:37","date_gmt":"2019-12-30T21:06:37","guid":{"rendered":"https:\/\/www.bielypotok.eu\/?p=12715"},"modified":"2020-01-20T19:10:32","modified_gmt":"2020-01-20T17:10:32","slug":"novorocne-prianie-31-12-2019","status":"publish","type":"post","link":"https:\/\/www.bielypotok.eu\/?p=12715","title":{"rendered":"Novoro\u010dn\u00e9 prianie (31.12.2019)"},"content":{"rendered":"\n<p><strong>V\u00e1\u017een\u00ed&nbsp;spoluob\u010dania,<\/strong><\/p>\n\n\n\n<p class=\"has-text-align-left\">aj ke\u010f v n\u00e1s e\u0161te st\u00e1le&nbsp;doznievaj\u00fa pocity z pre\u017eit\u00fdch Viano\u010dn\u00fdch<br>sviatkov, kalend\u00e1r n\u00e1m ne\u00faprosne nazna\u010duje, \u017ee stoj\u00edme na prahu<br>\u010fal\u0161ieho roka a&nbsp;samozrejme bilancujeme rok uplynul\u00fd. Hodnot\u00edme,<br>spom\u00edname, rekapitulujeme a&nbsp;mo\u017eno sme tak trochu nostalgick\u00ed, preto\u017ee<br>\u010das ktor\u00fd uplynul sa u\u017e ned\u00e1 vr\u00e1ti\u0165. Pre\u017eili sme 365 dn\u00ed, ktor\u00e9 boli<br>naplnen\u00e9 rados\u0165ou, \u00fasmevom, \u00faspechmi, ale ako to u\u017e v&nbsp;\u017eivote chod\u00ed, aj<br>probl\u00e9mami staros\u0165ami a&nbsp;prek\u00e1\u017ekami.<\/p>\n\n\n\n<p><strong>Dovo\u013ete mi, aby som sa po\u010fakoval V\u00e1m v\u0161etk\u00fdm, ktor\u00ed ste sa sna\u017eili<br>v&nbsp;uplynulom roku ak\u00fdmko\u013evek sp\u00f4sobom o&nbsp;to, aby bol \u017eivot v&nbsp;na\u0161om<br>Bielom Potoku kraj\u0161\u00ed a&nbsp;samozrejme lep\u0161\u00ed.<\/strong><\/p>\n\n\n\n<p>Men\u00edme rok, men\u00edme sny, t\u00fa\u017eby, n\u00e1zory, po\u017eiadavky na \u017eivot\u2026, ale<br>nikdy nemen\u00edme rodinu a priate\u013eov! <strong>Preto V\u00e1m \u017eel\u00e1m, aby boli s\u00fa\u010das\u0165ou<br>Va\u0161ich \u017eivotov len spr\u00e1vni \u013eudia, na ktor\u00fdch sa budete m\u00f4c\u0165 v\u017edy<br>spo\u013eahn\u00fa\u0165, a&nbsp;ktor\u00ed bud\u00fa pri V\u00e1s st\u00e1\u0165 pr\u00e1ve vtedy, ke\u010f to budete skuto\u010dne<br>potrebova\u0165.<\/strong><\/p>\n\n\n\n<p><strong>Prajem V\u00e1m a&nbsp;Va\u0161im bl\u00edzkym v\u0161etko dobr\u00e9, nech sa V\u00e1m splnia v\u0161etky<br>Va\u0161e t\u00fa\u017eby a&nbsp;priania.<\/strong><\/p>\n\n\n\n<p>Robme v\u0161etci spolo\u010dne v\u0161etko preto, aby Biely Potok bol miestom,<br>kde chceme \u017ei\u0165 plnohodnotn\u00fd a&nbsp;spokojn\u00fd \u017eivot. Nech je miestom, kde sa<br>s&nbsp;hrdos\u0165ou a&nbsp;rados\u0165ou bud\u00fa vraca\u0165 z&nbsp;r\u00f4znych k\u00fatov sveta na\u0161e deti,<br>miestom, ktor\u00e9 potrebuje ka\u017ed\u00fd z&nbsp;n\u00e1s a&nbsp;s&nbsp;l\u00e1skou ho naz\u00fdva : <em>\u201eM\u00f4j<br>domov\u201c<\/em>\u2026 Zve\u013ea\u010fujme a rozv\u00edjajme ho v&nbsp;ka\u017edom smere v&nbsp;prospech n\u00e1s<br>v\u0161etk\u00fdch a&nbsp;tie\u017e v&nbsp;prospech t\u00fdch, ktor\u00ed n\u00e1\u0161 Biely Potok radi nav\u0161tevuj\u00fa.<\/p>\n\n\n\n<p><strong>V&nbsp;prich\u00e1dzaj\u00facom Novom roku 2020 V\u00e1m v&nbsp;mene svojom a v mene<br>\u010dlenov v\u00fdboru mestskej \u010dasti Biely Potok&nbsp;prajem ve\u013ea sily a&nbsp;\u0161\u0165astia<br>v&nbsp;ka\u017edodennom \u017eivote. Prijmite pros\u00edm aj \u017eelanie pevn\u00e9ho<br>zdravia,&nbsp;bo\u017eieho po\u017eehnania, vz\u00e1jomn\u00e9ho pokoja a&nbsp;harm\u00f3nie.<\/strong><\/p>\n\n\n\n<p>Rozd\u00e1vajme okolo seba&nbsp;dobr\u00fa n\u00e1ladu, usilujme sa prekona\u0165 zlo<br>dobrom, zn\u00e1\u0161ajme nedorozumenia a&nbsp;ce\u0148me si to, \u010do m\u00e1 naozaj hodnotu.<\/p>\n\n\n\n<p><strong><em>\u0160\u0165astn\u00fd a&nbsp;spokojn\u00fd NOV\u00dd ROK 2020!<\/em><\/strong><\/p>\n\n\n\n<p>Vojtech Macko<br>poslanec Ms\u010c Biely Potok<\/p>\n\n\n\n<figure class=\"wp-block-image size-large\"><img data-recalc-dims=\"1\" loading=\"lazy\" decoding=\"async\" width=\"622\" height=\"501\" src=\"https:\/\/i0.wp.com\/www.bielypotok.eu\/wp-content\/uploads\/2019-12-30-PF2020.gif?resize=622%2C501&#038;ssl=1\" alt=\"\" class=\"wp-image-12714\"\/><\/figure>\n","protected":false},"excerpt":{"rendered":"<p>V\u00e1\u017een\u00ed&nbsp;spoluob\u010dania, aj ke\u010f v n\u00e1s e\u0161te st\u00e1le&nbsp;doznievaj\u00fa pocity z pre\u017eit\u00fdch Viano\u010dn\u00fdchsviatkov, kalend\u00e1r n\u00e1m ne\u00faprosne nazna\u010duje, \u017ee stoj\u00edme na prahu\u010fal\u0161ieho roka a&nbsp;samozrejme bilancujeme rok uplynul\u00fd. Hodnot\u00edme,spom\u00edname, rekapitulujeme a&nbsp;mo\u017eno sme tak trochu nostalgick\u00ed, preto\u017ee\u010das ktor\u00fd uplynul sa u\u017e ned\u00e1 vr\u00e1ti\u0165. Pre\u017eili sme 365 dn\u00ed, ktor\u00e9 bolinaplnen\u00e9 rados\u0165ou, \u00fasmevom, \u00faspechmi, ale ako to &#8230;<\/p>\n","protected":false},"author":1,"featured_media":5198,"comment_status":"closed","ping_status":"open","sticky":false,"template":"","format":"standard","meta":{"ngg_post_thumbnail":0,"jetpack_post_was_ever_published":false,"_jetpack_newsletter_access":"","_jetpack_dont_email_post_to_subs":false,"_jetpack_newsletter_tier_id":0,"_jetpack_memberships_contains_paywalled_content":false,"_jetpack_memberships_contains_paid_content":false,"footnotes":"","jetpack_publicize_message":"","jetpack_publicize_feature_enabled":true,"jetpack_social_post_already_shared":true,"jetpack_social_options":{"image_generator_settings":{"template":"highway","default_image_id":0,"font":"","enabled":false},"version":2}},"categories":[1],"tags":[322,356,12,357,10,91],"class_list":["post-12715","post","type-post","status-publish","format-standard","has-post-thumbnail","hentry","category-aktuality","tag-322","tag-356","tag-novy-rok","tag-pf2020","tag-silvester","tag-vojtech-macko","has-thumbnail"],"jetpack_publicize_connections":[],"jetpack_featured_media_url":"https:\/\/i0.wp.com\/www.bielypotok.eu\/wp-content\/uploads\/2015-12-31-SILVESTER.jpg?fit=640%2C250&ssl=1","jetpack_shortlink":"https:\/\/wp.me\/p2I76G-3j5","jetpack_sharing_enabled":true,"_links":{"self":[{"href":"https:\/\/www.bielypotok.eu\/index.php?rest_route=\/wp\/v2\/posts\/12715","targetHints":{"allow":["GET"]}}],"collection":[{"href":"https:\/\/www.bielypotok.eu\/index.php?rest_route=\/wp\/v2\/posts"}],"about":[{"href":"https:\/\/www.bielypotok.eu\/index.php?rest_route=\/wp\/v2\/types\/post"}],"author":[{"embeddable":true,"href":"https:\/\/www.bielypotok.eu\/index.php?rest_route=\/wp\/v2\/users\/1"}],"replies":[{"embeddable":true,"href":"https:\/\/www.bielypotok.eu\/index.php?rest_route=%2Fwp%2Fv2%2Fcomments&post=12715"}],"version-history":[{"count":2,"href":"https:\/\/www.bielypotok.eu\/index.php?rest_route=\/wp\/v2\/posts\/12715\/revisions"}],"predecessor-version":[{"id":12721,"href":"https:\/\/www.bielypotok.eu\/index.php?rest_route=\/wp\/v2\/posts\/12715\/revisions\/12721"}],"wp:featuredmedia":[{"embeddable":true,"href":"https:\/\/www.bielypotok.eu\/index.php?rest_route=\/wp\/v2\/media\/5198"}],"wp:attachment":[{"href":"https:\/\/www.bielypotok.eu\/index.php?rest_route=%2Fwp%2Fv2%2Fmedia&parent=12715"}],"wp:term":[{"taxonomy":"category","embeddable":true,"href":"https:\/\/www.bielypotok.eu\/index.php?rest_route=%2Fwp%2Fv2%2Fcategories&post=12715"},{"taxonomy":"post_tag","embeddable":true,"href":"https:\/\/www.bielypotok.eu\/index.php?rest_route=%2Fwp%2Fv2%2Ftags&post=12715"}],"curies":[{"name":"wp","href":"https:\/\/api.w.org\/{rel}","templated":true}]}}