{"id":12615,"date":"2019-08-20T20:15:46","date_gmt":"2019-08-20T18:15:46","guid":{"rendered":"https:\/\/www.bielypotok.eu\/?p=12615"},"modified":"2019-08-28T19:49:17","modified_gmt":"2019-08-28T17:49:17","slug":"letne-kino-23-25-08-2019","status":"publish","type":"post","link":"https:\/\/www.bielypotok.eu\/?p=12615","title":{"rendered":"Letn\u00e9 kino (23.-25.08.2019)"},"content":{"rendered":"\n<p><strong>Centrum Belanov<\/strong>, poslanec za Ms\u010c Biely Potok <strong>p. Vojtech Macko<\/strong> a <strong>v\u00fdbor Ms\u010c<\/strong> V\u00e1s srde\u010dne poz\u00fdvaj\u00fa na <strong>Letn\u00e9 kino v Are\u00e1li oddychu Biely Potok<\/strong> od 23.08. (piatok) do 25.08.2019 (nede\u013ea).<\/p>\n\n\n\n<p><strong><a title=\"Plag\u00e1t\" href=\"http:\/\/www.bielypotok.eu\/wp-content\/uploads\/2019-08-23-KINO-PLAGAT.jpg\" target=\"_blank\" rel=\"noopener noreferrer\">Viac inform\u00e1ci\u00ed na plag\u00e1te<\/a><\/strong><\/p>\n","protected":false},"excerpt":{"rendered":"<p>Centrum Belanov, poslanec za Ms\u010c Biely Potok p. Vojtech Macko a v\u00fdbor Ms\u010c V\u00e1s srde\u010dne poz\u00fdvaj\u00fa na Letn\u00e9 kino v Are\u00e1li oddychu Biely Potok od 23.08. (piatok) do 25.08.2019 (nede\u013ea). Viac inform\u00e1ci\u00ed na plag\u00e1te<\/p>\n","protected":false},"author":1,"featured_media":4509,"comment_status":"closed","ping_status":"open","sticky":false,"template":"","format":"standard","meta":{"ngg_post_thumbnail":0,"jetpack_post_was_ever_published":false,"_jetpack_newsletter_access":"","_jetpack_dont_email_post_to_subs":false,"_jetpack_newsletter_tier_id":0,"_jetpack_memberships_contains_paywalled_content":false,"_jetpack_memberships_contains_paid_content":false,"footnotes":"","jetpack_publicize_message":"","jetpack_publicize_feature_enabled":true,"jetpack_social_post_already_shared":true,"jetpack_social_options":{"image_generator_settings":{"template":"highway","default_image_id":0,"font":"","enabled":false},"version":2}},"categories":[1,6],"tags":[322,7,349,208,348,345,346],"class_list":["post-12615","post","type-post","status-publish","format-standard","has-post-thumbnail","hentry","category-aktuality","category-kultura","tag-322","tag-biely-potok","tag-dazdnik-svateho-petra","tag-film","tag-legenda-o-sovich-strazcoch","tag-letne-kino","tag-pacho","has-thumbnail"],"jetpack_publicize_connections":[],"jetpack_featured_media_url":"https:\/\/i0.wp.com\/www.bielypotok.eu\/wp-content\/uploads\/2015-06-25-FILM.jpg?fit=640%2C250&ssl=1","jetpack_shortlink":"https:\/\/wp.me\/p2I76G-3ht","jetpack_sharing_enabled":true,"_links":{"self":[{"href":"https:\/\/www.bielypotok.eu\/index.php?rest_route=\/wp\/v2\/posts\/12615","targetHints":{"allow":["GET"]}}],"collection":[{"href":"https:\/\/www.bielypotok.eu\/index.php?rest_route=\/wp\/v2\/posts"}],"about":[{"href":"https:\/\/www.bielypotok.eu\/index.php?rest_route=\/wp\/v2\/types\/post"}],"author":[{"embeddable":true,"href":"https:\/\/www.bielypotok.eu\/index.php?rest_route=\/wp\/v2\/users\/1"}],"replies":[{"embeddable":true,"href":"https:\/\/www.bielypotok.eu\/index.php?rest_route=%2Fwp%2Fv2%2Fcomments&post=12615"}],"version-history":[{"count":1,"href":"https:\/\/www.bielypotok.eu\/index.php?rest_route=\/wp\/v2\/posts\/12615\/revisions"}],"predecessor-version":[{"id":12616,"href":"https:\/\/www.bielypotok.eu\/index.php?rest_route=\/wp\/v2\/posts\/12615\/revisions\/12616"}],"wp:featuredmedia":[{"embeddable":true,"href":"https:\/\/www.bielypotok.eu\/index.php?rest_route=\/wp\/v2\/media\/4509"}],"wp:attachment":[{"href":"https:\/\/www.bielypotok.eu\/index.php?rest_route=%2Fwp%2Fv2%2Fmedia&parent=12615"}],"wp:term":[{"taxonomy":"category","embeddable":true,"href":"https:\/\/www.bielypotok.eu\/index.php?rest_route=%2Fwp%2Fv2%2Fcategories&post=12615"},{"taxonomy":"post_tag","embeddable":true,"href":"https:\/\/www.bielypotok.eu\/index.php?rest_route=%2Fwp%2Fv2%2Ftags&post=12615"}],"curies":[{"name":"wp","href":"https:\/\/api.w.org\/{rel}","templated":true}]}}