{"id":11441,"date":"2019-01-07T22:08:58","date_gmt":"2019-01-07T20:08:58","guid":{"rendered":"http:\/\/www.bielypotok.eu\/?p=11441"},"modified":"2019-03-03T11:22:56","modified_gmt":"2019-03-03T09:22:56","slug":"9-bielopotocky-ples-02-02-2019","status":"publish","type":"post","link":"https:\/\/www.bielypotok.eu\/?p=11441","title":{"rendered":"9. Bielopotock\u00fd ples (02.02.2019) + FOTO"},"content":{"rendered":"\n<p>L\u00edstky na 9. Bielopotock\u00fd ples, ktor\u00fd sa kon\u00e1&nbsp;<strong>02. febru\u00e1ra 2019<\/strong>, s\u00fa <strong>u\u017e&nbsp;vypredan\u00e9<\/strong>.&nbsp;Rezervovan\u00e9 l\u00edstky si m\u00f4\u017eete&nbsp;vyzdvihn\u00fa\u0165&nbsp;od&nbsp;<strong>08.01.2019 (utorok) <\/strong>vo firme <strong>PROFAX&nbsp;&#8211; Jozef Kolovi\u010d, ul. Hlavn\u00e1,&nbsp;Biely&nbsp;Potok<\/strong>.<\/p>\n\n\n\n<p>Kontakt: <strong>Mgr. Monika Mackov\u00e1&nbsp; 0915 827 118<\/strong>&nbsp;&nbsp; <\/p>\n\n\n\nngg_shortcode_0_placeholder\n","protected":false},"excerpt":{"rendered":"<p>L\u00edstky na 9. Bielopotock\u00fd ples, ktor\u00fd sa kon\u00e1&nbsp;02. febru\u00e1ra 2019, s\u00fa u\u017e&nbsp;vypredan\u00e9.&nbsp;Rezervovan\u00e9 l\u00edstky si m\u00f4\u017eete&nbsp;vyzdvihn\u00fa\u0165&nbsp;od&nbsp;08.01.2019 (utorok) vo firme PROFAX&nbsp;&#8211; Jozef Kolovi\u010d, ul. Hlavn\u00e1,&nbsp;Biely&nbsp;Potok. Kontakt: Mgr. Monika Mackov\u00e1&nbsp; 0915 827 118&nbsp;&nbsp;<\/p>\n","protected":false},"author":1,"featured_media":11442,"comment_status":"closed","ping_status":"open","sticky":false,"template":"","format":"standard","meta":{"ngg_post_thumbnail":0,"jetpack_post_was_ever_published":false,"_jetpack_newsletter_access":"","_jetpack_dont_email_post_to_subs":false,"_jetpack_newsletter_tier_id":0,"_jetpack_memberships_contains_paywalled_content":false,"_jetpack_memberships_contains_paid_content":false,"footnotes":"","jetpack_publicize_message":"","jetpack_publicize_feature_enabled":true,"jetpack_social_post_already_shared":true,"jetpack_social_options":{"image_generator_settings":{"template":"highway","default_image_id":0,"font":"","enabled":false},"version":2}},"categories":[1,6],"tags":[322,236,7,37,323,39,66,22],"class_list":["post-11441","post","type-post","status-publish","format-standard","has-post-thumbnail","hentry","category-aktuality","category-kultura","tag-322","tag-bielopotocky-ples","tag-biely-potok","tag-hudba","tag-muzika","tag-skupina","tag-tanec","tag-zabava","has-thumbnail"],"jetpack_publicize_connections":[],"jetpack_featured_media_url":"https:\/\/i0.wp.com\/www.bielypotok.eu\/wp-content\/uploads\/2019-02-02-PLES.jpg?fit=640%2C250&ssl=1","jetpack_shortlink":"https:\/\/wp.me\/p2I76G-2Yx","jetpack_sharing_enabled":true,"_links":{"self":[{"href":"https:\/\/www.bielypotok.eu\/index.php?rest_route=\/wp\/v2\/posts\/11441","targetHints":{"allow":["GET"]}}],"collection":[{"href":"https:\/\/www.bielypotok.eu\/index.php?rest_route=\/wp\/v2\/posts"}],"about":[{"href":"https:\/\/www.bielypotok.eu\/index.php?rest_route=\/wp\/v2\/types\/post"}],"author":[{"embeddable":true,"href":"https:\/\/www.bielypotok.eu\/index.php?rest_route=\/wp\/v2\/users\/1"}],"replies":[{"embeddable":true,"href":"https:\/\/www.bielypotok.eu\/index.php?rest_route=%2Fwp%2Fv2%2Fcomments&post=11441"}],"version-history":[{"count":4,"href":"https:\/\/www.bielypotok.eu\/index.php?rest_route=\/wp\/v2\/posts\/11441\/revisions"}],"predecessor-version":[{"id":11807,"href":"https:\/\/www.bielypotok.eu\/index.php?rest_route=\/wp\/v2\/posts\/11441\/revisions\/11807"}],"wp:featuredmedia":[{"embeddable":true,"href":"https:\/\/www.bielypotok.eu\/index.php?rest_route=\/wp\/v2\/media\/11442"}],"wp:attachment":[{"href":"https:\/\/www.bielypotok.eu\/index.php?rest_route=%2Fwp%2Fv2%2Fmedia&parent=11441"}],"wp:term":[{"taxonomy":"category","embeddable":true,"href":"https:\/\/www.bielypotok.eu\/index.php?rest_route=%2Fwp%2Fv2%2Fcategories&post=11441"},{"taxonomy":"post_tag","embeddable":true,"href":"https:\/\/www.bielypotok.eu\/index.php?rest_route=%2Fwp%2Fv2%2Ftags&post=11441"}],"curies":[{"name":"wp","href":"https:\/\/api.w.org\/{rel}","templated":true}]}}