{"id":1048,"date":"2012-11-23T01:11:58","date_gmt":"2012-11-22T23:11:58","guid":{"rendered":"http:\/\/www.bielypotok.eu\/?p=1048"},"modified":"2013-01-01T20:29:10","modified_gmt":"2013-01-01T18:29:10","slug":"mikulas-02-12-2012","status":"publish","type":"post","link":"https:\/\/www.bielypotok.eu\/?p=1048","title":{"rendered":"Stretnutie s Mikul\u00e1\u0161om (02.12.2012)"},"content":{"rendered":"<p style=\"text-align: left;\">V\u0161etk\u00fdm \u010dlenom ZR pri Z\u0160 Biely Potok a\u00a0Centrumu Belanov, ktor\u00ed pom\u00e1hali pri organizovan\u00ed akcie <strong>Stretnutie s Mikul\u00e1\u0161om<\/strong> (d\u0148a 02. decembra 2012)\u00a0<strong>ve\u013emi pekne \u010fakujeme<\/strong> a ver\u00edme, \u017ee aj v\u00a0bud\u00facnosti sa budeme m\u00f4c\u0165\u00a0\u00a0spo\u013eahn\u00fa\u0165 na ich pomoc. Sme radi, \u017ee tak\u00fdmto sp\u00f4sobom na\u0161im de\u0165om a\u00a0aj dospel\u00fdm spr\u00edjem\u0148uj\u00fa \u017eivot v\u00a0na\u0161om Bielom\u00a0\u00a0Potoku. \u010eakujeme za priv\u00edtanie Mikul\u00e1\u0161a\u00a0\u00a0mil\u00fdm programom na\u0161ich det\u00ed zo Z\u0160\u00a0\u00a0Biely Potok.<\/p>\n<p style=\"text-align: left;\">Predseda Ms\u010c Vojtech Macko\u00a0\u00a0a\u00a0ob\u010dianska rada<\/p>\n<p style=\"text-align: left;\"><strong><a title=\"plag\u00e1t\" href=\"http:\/\/www.bielypotok.eu\/wp-content\/uploads\/2012-12-02-MIKULAS-PLAGAT.pdf\" target=\"_blank\">Pozrite si plag\u00e1t ku akcii<\/a><\/strong><\/p>\n<p><iframe loading=\"lazy\" src=\"http:\/\/www.youtube.com\/embed\/ugKZnwhAP2M\" frameborder=\"0\" width=\"400\" height=\"300\"><\/iframe><\/p>\n<p><iframe loading=\"lazy\" src=\"http:\/\/www.youtube.com\/embed\/p3JUm8QQ_ew\" frameborder=\"0\" width=\"400\" height=\"300\"><\/iframe><\/p>\n<p><iframe loading=\"lazy\" src=\"http:\/\/www.youtube.com\/embed\/yOfL90ae0aQ\" frameborder=\"0\" width=\"400\" height=\"300\"><\/iframe><\/p>\n<p><iframe loading=\"lazy\" src=\"http:\/\/www.youtube.com\/embed\/eqMl91jj6ZA\" frameborder=\"0\" width=\"400\" height=\"300\"><\/iframe><\/p>\n<p><iframe loading=\"lazy\" src=\"http:\/\/www.youtube.com\/embed\/FbOLql1n8-k\" frameborder=\"0\" width=\"400\" height=\"300\"><\/iframe><br \/>\nngg_shortcode_0_placeholder<\/p>\n","protected":false},"excerpt":{"rendered":"<p>V\u0161etk\u00fdm \u010dlenom ZR pri Z\u0160 Biely Potok a\u00a0Centrumu Belanov, ktor\u00ed pom\u00e1hali pri organizovan\u00ed akcie Stretnutie s Mikul\u00e1\u0161om (d\u0148a 02. decembra 2012)\u00a0ve\u013emi pekne \u010fakujeme a ver\u00edme, \u017ee aj v\u00a0bud\u00facnosti sa budeme m\u00f4c\u0165\u00a0\u00a0spo\u013eahn\u00fa\u0165 na ich pomoc. Sme radi, \u017ee tak\u00fdmto sp\u00f4sobom na\u0161im de\u0165om a\u00a0aj dospel\u00fdm spr\u00edjem\u0148uj\u00fa \u017eivot v\u00a0na\u0161om Bielom\u00a0\u00a0Potoku. \u010eakujeme za priv\u00edtanie &#8230;<\/p>\n","protected":false},"author":1,"featured_media":1047,"comment_status":"open","ping_status":"open","sticky":false,"template":"","format":"standard","meta":{"ngg_post_thumbnail":0,"jetpack_post_was_ever_published":false,"_jetpack_newsletter_access":"","_jetpack_dont_email_post_to_subs":false,"_jetpack_newsletter_tier_id":0,"_jetpack_memberships_contains_paywalled_content":false,"_jetpack_memberships_contains_paid_content":false,"footnotes":"","jetpack_publicize_message":"","jetpack_publicize_feature_enabled":true,"jetpack_social_post_already_shared":true,"jetpack_social_options":{"image_generator_settings":{"template":"highway","default_image_id":0,"font":"","enabled":false},"version":2}},"categories":[1,6],"tags":[],"class_list":["post-1048","post","type-post","status-publish","format-standard","has-post-thumbnail","hentry","category-aktuality","category-kultura","has-thumbnail"],"jetpack_publicize_connections":[],"jetpack_featured_media_url":"https:\/\/i0.wp.com\/www.bielypotok.eu\/wp-content\/uploads\/2012-12-02-MIKULAS.jpg?fit=970%2C250&ssl=1","jetpack_shortlink":"https:\/\/wp.me\/p2I76G-gU","jetpack_sharing_enabled":true,"_links":{"self":[{"href":"https:\/\/www.bielypotok.eu\/index.php?rest_route=\/wp\/v2\/posts\/1048","targetHints":{"allow":["GET"]}}],"collection":[{"href":"https:\/\/www.bielypotok.eu\/index.php?rest_route=\/wp\/v2\/posts"}],"about":[{"href":"https:\/\/www.bielypotok.eu\/index.php?rest_route=\/wp\/v2\/types\/post"}],"author":[{"embeddable":true,"href":"https:\/\/www.bielypotok.eu\/index.php?rest_route=\/wp\/v2\/users\/1"}],"replies":[{"embeddable":true,"href":"https:\/\/www.bielypotok.eu\/index.php?rest_route=%2Fwp%2Fv2%2Fcomments&post=1048"}],"version-history":[{"count":10,"href":"https:\/\/www.bielypotok.eu\/index.php?rest_route=\/wp\/v2\/posts\/1048\/revisions"}],"predecessor-version":[{"id":1070,"href":"https:\/\/www.bielypotok.eu\/index.php?rest_route=\/wp\/v2\/posts\/1048\/revisions\/1070"}],"wp:featuredmedia":[{"embeddable":true,"href":"https:\/\/www.bielypotok.eu\/index.php?rest_route=\/wp\/v2\/media\/1047"}],"wp:attachment":[{"href":"https:\/\/www.bielypotok.eu\/index.php?rest_route=%2Fwp%2Fv2%2Fmedia&parent=1048"}],"wp:term":[{"taxonomy":"category","embeddable":true,"href":"https:\/\/www.bielypotok.eu\/index.php?rest_route=%2Fwp%2Fv2%2Fcategories&post=1048"},{"taxonomy":"post_tag","embeddable":true,"href":"https:\/\/www.bielypotok.eu\/index.php?rest_route=%2Fwp%2Fv2%2Ftags&post=1048"}],"curies":[{"name":"wp","href":"https:\/\/api.w.org\/{rel}","templated":true}]}}